{"id":352,"date":"2021-08-26T23:30:47","date_gmt":"2021-08-26T23:30:47","guid":{"rendered":"https:\/\/somnusgestiona.com\/wp\/?p=352"},"modified":"2021-09-08T18:55:53","modified_gmt":"2021-09-08T18:55:53","slug":"por-que-el-iphone-13-podria-adelgazar-mas-que-nunca-las-carteras-de-los-fans-de-apple","status":"publish","type":"post","link":"https:\/\/somnusgestiona.com\/wp\/2021\/08\/26\/por-que-el-iphone-13-podria-adelgazar-mas-que-nunca-las-carteras-de-los-fans-de-apple\/","title":{"rendered":"Por qu\u00e9 el iPhone 13 podr\u00eda adelgazar m\u00e1s que nunca las carteras de los fans de Apple"},"content":{"rendered":"\n<figure class=\"wp-block-image size-full\"><img fetchpriority=\"high\" decoding=\"async\" width=\"980\" height=\"565\" src=\"https:\/\/somnusgestiona.com\/wp\/wp-content\/uploads\/2021\/08\/1605249083_351722_1605249126_noticia_normal.jpg\" alt=\"\" class=\"wp-image-580\" srcset=\"https:\/\/somnusgestiona.com\/wp\/wp-content\/uploads\/2021\/08\/1605249083_351722_1605249126_noticia_normal.jpg 980w, https:\/\/somnusgestiona.com\/wp\/wp-content\/uploads\/2021\/08\/1605249083_351722_1605249126_noticia_normal-300x173.jpg 300w, https:\/\/somnusgestiona.com\/wp\/wp-content\/uploads\/2021\/08\/1605249083_351722_1605249126_noticia_normal-768x443.jpg 768w\" sizes=\"(max-width: 980px) 100vw, 980px\" \/><\/figure>\n\n\n\n<p>Ya de por s\u00ed car\u00edsimos, los nuevos iPhones que Apple tiene el horno podr\u00edan ser m\u00e1s costosos que nunca. Y es que&nbsp;<strong>el incremento en los costes de producci\u00f3n de los chips que los de Cupertino utilizan en su buque insignia podr\u00eda poner por las nubes el precio el nuevo&nbsp;<a href=\"https:\/\/www.marketingdirecto.com\/anunciantes-general\/anunciantes\/iphone-vendra-cuentagotas\" target=\"_blank\" rel=\"noreferrer noopener\">iPhone 13<\/a>.<\/strong><\/p>\n\n\n\n<p>De acuerdo con&nbsp;<em><a href=\"https:\/\/www.digitimes.com\/news\/a20210826PD207.html\" rel=\"noreferrer noopener\" target=\"_blank\">DigiTimes<\/a><\/em>,&nbsp;<strong>TSMC, el principal proveedor de Apple, ha comunicado a sus clientes aumentos de hasta el 20% en el coste de producci\u00f3n de sus tecnolog\u00edas m\u00e1s avanzadas<\/strong>&nbsp;(que son las que se utilizan precisamente en el iPhone).<\/p>\n\n\n\n<p><strong>La subida en los precios ser\u00e1 particularmente notable en los chips con procesos de fabricaci\u00f3n inferiores a los 7 nm<\/strong>, a los que parece que Apple renunciar\u00e1 finalmente en el iPhone 13. Todo apunta a que en las entra\u00f1as de la nueva familia de tel\u00e9fonos inteligentes de la empresa de la manzana habr\u00e1 agazapada una evoluci\u00f3n del chip A14 de 7 nm ya utilizado en el iPhone 12, si bien en un principio se especul\u00f3 con un procesador de 3 nm.<\/p>\n\n\n\n<p>Aun renunciando a los procesadores de menos de 7 nm,&nbsp;<strong>Apple deber\u00e1 afrontar una subida en los costes de producci\u00f3n de entre el 3% y el 5%.<\/strong><\/p>\n\n\n\n<h3 class=\"wp-block-heading\"><strong>Apple podr\u00eda levantar el tel\u00f3n del nuevo iPhone el pr\u00f3ximo 14 de septiembre<\/strong><\/h3>\n\n\n\n<p><strong>La subida en las tarifas de TSMC comenzar\u00e1 a aplicarse en enero de 2022<\/strong>, por lo que primeros lotes del iPhone 13 no estar\u00edan a merced estos sobrecostes, que s\u00ed se dejar\u00edan notar, en cambio, en las dispositivos fabricados en los pr\u00f3ximos meses.<\/p>\n\n\n\n<p><strong>En vista del incremento en los costes de producci\u00f3n del nuevo iPhone 13 la&nbsp;<a href=\"https:\/\/www.marketingdirecto.com\/temas\/apple\" target=\"_blank\" rel=\"noreferrer noopener\">empresa liderada por Tim Cook<\/a>&nbsp;podr\u00eda optar por subir el precio del dispositivo&nbsp;<\/strong>para as\u00ed paliar la devaluaci\u00f3n en la rentabilidad de cada unidad vendida. Y de aumentar los precios, la nueva estrategia de \u00abpricing\u00bb de Apple se inaugurar\u00eda en los tel\u00e9fonos reci\u00e9n presentados en septiembre (sin esperar a subir a posteriori los costes).<\/p>\n\n\n\n<p><strong>Apple no es en todo caso la \u00fanica empresa que se enfrenta a este problema<\/strong>, puesto que todo el ramo tecnol\u00f3gico sufre las consecuencias de la escasez de chips que afecta desde hace meses al mercado.<\/p>\n\n\n\n<p>No habr\u00e1 que esperar mucho para saber si Apple sube o no lo precio de su nueva colecci\u00f3n de smartphones, que&nbsp;<strong>ser\u00edan presentados oficialmente el 14 de septiembre y lanzados el 24 de septiembre<\/strong>, seg\u00fan&nbsp;<em><a href=\"https:\/\/www.ithome.com\/0\/571\/411.htm\" target=\"_blank\" rel=\"noreferrer noopener\">IThome<\/a><\/em>.<\/p>\n","protected":false},"excerpt":{"rendered":"<p>Ya de por s\u00ed car\u00edsimos, los nuevos iPhones que Apple tiene el horno podr\u00edan ser m\u00e1s costosos que nunca. Y es que&nbsp;el incremento en los costes de producci\u00f3n de los chips que los de Cupertino utilizan en su buque insignia podr\u00eda poner por las nubes el precio el nuevo&nbsp;iPhone 13. De acuerdo con&nbsp;DigiTimes,&nbsp;TSMC, el principal [&hellip;]<\/p>\n","protected":false},"author":1,"featured_media":580,"comment_status":"open","ping_status":"open","sticky":false,"template":"","format":"standard","meta":{"footnotes":""},"categories":[1],"tags":[],"class_list":["post-352","post","type-post","status-publish","format-standard","has-post-thumbnail","hentry","category-uncategorized"],"_links":{"self":[{"href":"https:\/\/somnusgestiona.com\/wp\/wp-json\/wp\/v2\/posts\/352","targetHints":{"allow":["GET"]}}],"collection":[{"href":"https:\/\/somnusgestiona.com\/wp\/wp-json\/wp\/v2\/posts"}],"about":[{"href":"https:\/\/somnusgestiona.com\/wp\/wp-json\/wp\/v2\/types\/post"}],"author":[{"embeddable":true,"href":"https:\/\/somnusgestiona.com\/wp\/wp-json\/wp\/v2\/users\/1"}],"replies":[{"embeddable":true,"href":"https:\/\/somnusgestiona.com\/wp\/wp-json\/wp\/v2\/comments?post=352"}],"version-history":[{"count":2,"href":"https:\/\/somnusgestiona.com\/wp\/wp-json\/wp\/v2\/posts\/352\/revisions"}],"predecessor-version":[{"id":581,"href":"https:\/\/somnusgestiona.com\/wp\/wp-json\/wp\/v2\/posts\/352\/revisions\/581"}],"wp:featuredmedia":[{"embeddable":true,"href":"https:\/\/somnusgestiona.com\/wp\/wp-json\/wp\/v2\/media\/580"}],"wp:attachment":[{"href":"https:\/\/somnusgestiona.com\/wp\/wp-json\/wp\/v2\/media?parent=352"}],"wp:term":[{"taxonomy":"category","embeddable":true,"href":"https:\/\/somnusgestiona.com\/wp\/wp-json\/wp\/v2\/categories?post=352"},{"taxonomy":"post_tag","embeddable":true,"href":"https:\/\/somnusgestiona.com\/wp\/wp-json\/wp\/v2\/tags?post=352"}],"curies":[{"name":"wp","href":"https:\/\/api.w.org\/{rel}","templated":true}]}}